{"id":14765,"date":"2023-05-03T13:46:19","date_gmt":"2023-05-03T11:46:19","guid":{"rendered":"https:\/\/arrontesybarrera.com\/creatibo\/?p=14765"},"modified":"2023-05-03T16:01:17","modified_gmt":"2023-05-03T14:01:17","slug":"direccion-creativa-mas-alla-de-las-ideas","status":"publish","type":"post","link":"https:\/\/arrontesybarrera.com\/creatibo\/direccion-creativa-mas-alla-de-las-ideas\/","title":{"rendered":"Direcci\u00f3n creativa: m\u00e1s all\u00e1 de las ideas"},"content":{"rendered":"<div style=\"margin-top: 0px; margin-bottom: 0px;\" class=\"sharethis-inline-share-buttons\" ><\/div>\n<p>\u00bfQu\u00e9 tienen en com\u00fan&nbsp;<strong>Chanel<\/strong>,&nbsp;<strong>Apple<\/strong>&nbsp;o&nbsp;<strong>Ferran Adri\u00e0<\/strong>? Todas son marcas que destacan gracias a una buena&nbsp;<strong>direcci\u00f3n creativa<\/strong>.&nbsp;Pero no son las \u00fanicas.&nbsp;Tu marca tambi\u00e9n puede tener una identidad visual y narrativa \u00fanica, coherente y efectiva que sea capaz de captar la atenci\u00f3n de tu p\u00fablico. Te lo demostramos en este post.<\/p>\n\n\n\n<p>La&nbsp;<strong>direcci\u00f3n creativa<\/strong>&nbsp;no solo es importante en&nbsp;<strong>publicidad y marketing<\/strong>. Tambi\u00e9n lo es en el mundo del cine, la moda, la m\u00fasica, la decoraci\u00f3n o incluso en la restauraci\u00f3n. Pero empecemos por el principio:<\/p>\n\n\n\n<h2 class=\"wp-block-heading\">\u00bfQu\u00e9 es la direcci\u00f3n creativa?<\/h2>\n\n\n\n<p>La&nbsp;<strong>direcci\u00f3n creativa<\/strong>&nbsp;es lo que ayuda a conectar emocionalmente al consumidor con tu marca. Es lo que crea ese v\u00ednculo emocional va m\u00e1s all\u00e1 de la raz\u00f3n y&nbsp;va a definir tu personalidad de marca.&nbsp;<\/p>\n\n\n\n<p>No se trata solo de la creatividad, ni de ideas y perspectivas art\u00edsticas, sino&nbsp;de&nbsp;desarrollar y ejecutar la visi\u00f3n integral de la marca, gestionando los aspectos visuales y narrativos, las campa\u00f1as de publicidad, la direcci\u00f3n fotogr\u00e1fica, el dise\u00f1o, la estrategia de marketing, la selecci\u00f3n de modelos y embajadores de marca, etc. El objetivo es asegurarse de que todo est\u00e9 alineado con el mensaje de marca a transmitir.<\/p>\n\n\n\n<h2 class=\"wp-block-heading\">\u00bfPor qu\u00e9 es importante?<\/h2>\n\n\n\n<h2 class=\"wp-block-heading\">1. Si no conectas con tu audiencia est\u00e1s perdido<\/h2>\n\n\n\n<p>\u00bfTe has parado a pensar qu\u00e9 sienten los consumidores por tu marca? Hoy en d\u00eda deber\u00edamos hablar de \u201ccompetencia de&nbsp;<a href=\"https:\/\/arrontesybarrera.com\/creatibo\/que-emocion-transmite-tu-marca\/\" target=\"_blank\" rel=\"noreferrer noopener\">emociones<\/a>\u201d y no de \u201ccompetencia de productos o servicios\u201d.&nbsp;<\/p>\n\n\n\n<p>Solo si tu marca es capaz de emocionar a los consumidores, se convertir\u00e1 en su primera opci\u00f3n de compra.&nbsp;Por eso, es tan importante generar v\u00ednculos mediante la&nbsp;<a href=\"https:\/\/arrontesybarrera.com\/creatibo\/sin-creatividad-no-tienes-marca\/\" target=\"_blank\" rel=\"noreferrer noopener\">creatividad<\/a><strong>&nbsp;<\/strong>y el&nbsp;<a href=\"https:\/\/arrontesybarrera.com\/creatibo\/8-tecnicas-de-storytelling-para-construir-marca\/\" target=\"_blank\" rel=\"noreferrer noopener\"><em>storytelling<\/em><\/a><em>.<\/em><\/p>\n\n\n\n<p>Si no quieres que tu marca pase desapercibida y se convierta en una m\u00e1s, vas a necesitar creatividad&nbsp;para conectar con&nbsp;tu audiencia y conseguir&nbsp;incrementar su grado de reconocimiento y recuerdo. La creatividad es imprescindible para que tu marca sea diferente y relevante para los consumidores, se fije en sus mentes y est\u00e9 presente cuando piensen c\u00f3mo resolver su problema.&nbsp;<\/p>\n\n\n\n<p>F\u00edjate que aqu\u00ed no estamos hablando de <strong>publicidad<\/strong>, ni de <strong>branding,<\/strong> ni de <strong>marketing digital<\/strong>. Estamos hablando de <strong>creatividad<\/strong>. Nada es m\u00e1s eficiente que la creatividad para que una compa\u00f1\u00eda sea \u00fanica para los consumidores.<\/p>\n\n\n\n<h3 class=\"wp-block-heading\">El ejemplo de <em>The Lost Class<\/em>,&nbsp;de Change The Ref<\/h3>\n\n\n\n<figure class=\"wp-block-embed is-type-video is-provider-youtube wp-block-embed-youtube wp-embed-aspect-16-9 wp-has-aspect-ratio\"><div class=\"wp-block-embed__wrapper\">\n<iframe title=\"The Lost Class 2\/3\" width=\"640\" height=\"360\" src=\"https:\/\/www.youtube.com\/embed\/TwNJtPOhACI?feature=oembed\" frameborder=\"0\" allow=\"accelerometer; autoplay; clipboard-write; encrypted-media; gyroscope; picture-in-picture; web-share\" referrerpolicy=\"strict-origin-when-cross-origin\" allowfullscreen><\/iframe>\n<\/div><\/figure>\n\n\n\n<p>Por ejemplo, en esta campa\u00f1a se buscaba&nbsp;<strong>generar conciencia en relaci\u00f3n a los tiroteos masivos en las escuelas en Estados Unidos y se consigui\u00f3<\/strong>&nbsp;gracias a una excelente direcci\u00f3n creativa, que la llev\u00f3 a ser considerada la mejor campa\u00f1a publicitaria de 2022.&nbsp;Para ello se celebr\u00f3 un acto de graduaci\u00f3n para los 3.044 estudiantes de secundaria que perdieron sus vidas como consecuencia de las armas.<\/p>\n\n\n\n<h2 class=\"wp-block-heading\">2. Da coherencia a tu comunicaci\u00f3n visual y verbal<\/h2>\n\n\n\n<p>La direcci\u00f3n creativa es importante porque se encarga de que haya una homogeneidad entre el concepto de la marca y la estrategia de comunicaci\u00f3n, una armon\u00eda en todas las piezas y un mismo estilo, no solo en cuesti\u00f3n de dise\u00f1o, sino en todo lo que representa la marca tanto a nivel visual como de contenido e incluso en la puesta en pr\u00e1ctica de los productos o servicios.<\/p>\n\n\n\n<p>A diferencia de lo que ocurr\u00eda en d\u00e9cadas pasadas, cuando la direcci\u00f3n creativa se centraba en el dise\u00f1o y el concepto, hoy en d\u00eda ha evolucionado para ocuparse tambi\u00e9n de la estrategia de las campa\u00f1as, la visi\u00f3n de negocio, los valores y la filosof\u00eda de la marca, la estrategia de comunicaci\u00f3n y la imagen que se transmite.<\/p>\n\n\n\n<h3 class=\"wp-block-heading\">El ejemplo de Karl Lagerfeld<\/h3>\n\n\n\n<p>Un buen ejemplo es el sector de la moda, donde se han amplificado las direcciones creativas seg\u00fan su visi\u00f3n de la marca m\u00e1s all\u00e1 de la est\u00e9tica, llegando a la empresa y a las ventas.&nbsp;Tanto que ser\u00eda imposible hablar de direcci\u00f3n creativa sin hablar de&nbsp;<strong>Karl Lagerfeld,&nbsp;<\/strong>que aparte crear las colecciones para Chanel y Fendi, se encargaba de la direcci\u00f3n y muchas veces la ejecuci\u00f3n de las producciones audiovisuales y de las fotograf\u00edas de sus campa\u00f1as,&nbsp;asegur\u00e1ndose no s\u00f3lo de que la est\u00e9tica de la marca fuera homog\u00e9nea, sino de transmitir los valores de la misma y de que, adem\u00e1s, fuera altamente rentable.<\/p>\n\n\n\n<p>Tal fue su fama y reconocimiento que colabor\u00f3 en diversas campa\u00f1as publicitarias para otras marcas como H&amp;M, Volkswagen o esta acci\u00f3n en favor del uso del chaleco reflectante en Francia.<\/p>\n\n\n\n<figure class=\"wp-block-image size-full\"><img decoding=\"async\" width=\"626\" height=\"420\" src=\"https:\/\/arrontesybarrera.com\/creatibo\/wp-content\/uploads\/2023\/05\/karl_lagerfeld_chaleco_Creatibo_AB.png\" alt=\"\" class=\"wp-image-14769\" srcset=\"https:\/\/arrontesybarrera.com\/creatibo\/wp-content\/uploads\/2023\/05\/karl_lagerfeld_chaleco_Creatibo_AB.png 626w, https:\/\/arrontesybarrera.com\/creatibo\/wp-content\/uploads\/2023\/05\/karl_lagerfeld_chaleco_Creatibo_AB-224x150.png 224w\" sizes=\"(max-width: 626px) 100vw, 626px\" \/><\/figure>\n\n\n\n<h2 class=\"wp-block-heading\">3. Para&nbsp;crear una experiencia de marca impactante y memorable<\/h2>\n\n\n\n<p>\u00bfTu marca satisface las expectativas de los consumidores?&nbsp;La direcci\u00f3n creativa&nbsp;juega con la percepci\u00f3n para mejorar la experiencia de compra de tus consumidores y acercar tu marca a sus expectativas. Y te ayuda a mostrarla con originalidad para que vean en tu marca un reflejo de ellos mismos.<\/p>\n\n\n\n<p>Para ello es importante innovar, pensar fuera de la caja y estar al d\u00eda de las tendencias de dise\u00f1o, de los cambios del mercado y del mundo en el que vivimos. Prever el objetivo y saber c\u00f3mo alcanzarlo.<\/p>\n\n\n\n<p>De ah\u00ed que muchas veces se busque romper los c\u00f3digos y dar una&nbsp;personalidad creativa y diferenciadora&nbsp;a las marcas.&nbsp;<\/p>\n\n\n\n<h3 class=\"wp-block-heading\">El ejemplo de <em>Touch Wood SH-08C<\/em> y su xil\u00f3fono gigante <\/h3>\n\n\n\n<p>En este anuncio para el tel\u00e9fono m\u00f3vil&nbsp;con carcasa de madera se interpret\u00f3 la&nbsp;Cantata 147 de Bach, <em>Jesu, Joy of Man&#8217;s Desiring<\/em> en un gigantesco xil\u00f3fono,&nbsp;hecho con excedentes de madera.&nbsp;La&nbsp;campa\u00f1a&nbsp;fue seleccionada como <strong><em>The Best 10 TVCs 2011<\/em> de Ad Ages<\/strong>, <em><strong>TED: Ads Worth Spreading 2012<\/strong><\/em> y se convirti\u00f3 en uno de los comerciales de televisi\u00f3n japoneses m\u00e1s vistos en <strong>YouTube<\/strong>.<\/p>\n\n\n\n<figure class=\"wp-block-embed is-type-video is-provider-youtube wp-block-embed-youtube wp-embed-aspect-16-9 wp-has-aspect-ratio\"><div class=\"wp-block-embed__wrapper\">\n<iframe title=\"\u68ee\u306e\u6728\u7434\" width=\"640\" height=\"360\" src=\"https:\/\/www.youtube.com\/embed\/C_CDLBTJD4M?feature=oembed\" frameborder=\"0\" allow=\"accelerometer; autoplay; clipboard-write; encrypted-media; gyroscope; picture-in-picture; web-share\" referrerpolicy=\"strict-origin-when-cross-origin\" allowfullscreen><\/iframe>\n<\/div><\/figure>\n\n\n\n<h2 class=\"wp-block-heading\">4. Para que la ejecuci\u00f3n sea impecable<\/h2>\n\n\n\n<p>Una cosa es la proposici\u00f3n b\u00e1sica, la idea creativa de la campa\u00f1a, y otra su&nbsp;<a href=\"https:\/\/arrontesybarrera.com\/creatibo\/por-que-necesitas-una-ejecucion-publicitaria-impecable\/\">ejecuci\u00f3n<\/a>. Muchas veces, una idea sencilla puede convertirse en una campa\u00f1a brillante si es ejecutada de manera novedosa, sorprendente o impactante. Y otras veces puede suceder justo lo contrario, que una buena idea se vaya al traste porque la ejecuci\u00f3n no alcanza las expectativas generadas.<\/p>\n\n\n\n<h3 class=\"wp-block-heading\">El ejemplo de&nbsp;<em>The Unfiltered History Tour<\/em>, de VICE<\/h3>\n\n\n\n<figure class=\"wp-block-embed is-type-video is-provider-youtube wp-block-embed-youtube wp-embed-aspect-16-9 wp-has-aspect-ratio\"><div class=\"wp-block-embed__wrapper\">\n<iframe title=\"Should the British Museum Return Looted Objects? I The Unfiltered History Tour\" width=\"640\" height=\"360\" src=\"https:\/\/www.youtube.com\/embed\/fM5vFG7gZ2I?feature=oembed\" frameborder=\"0\" allow=\"accelerometer; autoplay; clipboard-write; encrypted-media; gyroscope; picture-in-picture; web-share\" referrerpolicy=\"strict-origin-when-cross-origin\" allowfullscreen><\/iframe>\n<\/div><\/figure>\n\n\n\n<h2 class=\"wp-block-heading\">5. Porque tienes que ser eficaz<\/h2>\n\n\n\n<p>La direcci\u00f3n creativa no empieza con una idea.&nbsp;Empieza con un p\u00fablico.&nbsp;Seguro que sabes qui\u00e9nes son tus consumidores: cu\u00e1l es su edad, su clase social, su estilo de vida, sus canales de compra&#8230; Pero \u00bfsabes c\u00f3mo se sienten?, \u00bfc\u00f3mo piensan?, \u00bfa qu\u00e9 tienen miedo?, \u00bfcu\u00e1les son sus anhelos? Y lo m\u00e1s importante: \u00bfsabes c\u00f3mo esperan que tu marca resuelva su problema o necesidad? Esta pregunta es clave para alcanzar los objetivos de ventas ya que los consumidores solo acudir\u00e1n a tu marca si tienen la perspectiva de que esta es la soluci\u00f3n que necesitan.<\/p>\n\n\n\n<p>La creatividad no solo emociona, sino que moviliza a tu p\u00fablico y te ayuda a vender.&nbsp;Las marcas que fomentan la creatividad consiguen un crecimiento exponencial en sus ventas, su cuota de mercado y su liderazgo.<\/p>\n\n\n\n<h3 class=\"wp-block-heading\">El ejemplo de <em>Reverse Selfie<\/em>, de Dove<\/h3>\n\n\n\n<figure class=\"wp-block-embed is-type-video is-provider-youtube wp-block-embed-youtube wp-embed-aspect-16-9 wp-has-aspect-ratio\"><div class=\"wp-block-embed__wrapper\">\n<iframe title=\"Reverse Selfie: Social Media&#039;s Impact on Girls&#039; Self-Esteem | Dove\" width=\"640\" height=\"360\" src=\"https:\/\/www.youtube.com\/embed\/z2T-Rh838GA?feature=oembed\" frameborder=\"0\" allow=\"accelerometer; autoplay; clipboard-write; encrypted-media; gyroscope; picture-in-picture; web-share\" referrerpolicy=\"strict-origin-when-cross-origin\" allowfullscreen><\/iframe>\n<\/div><\/figure>\n\n\n\n<h2 class=\"wp-block-heading\">No confundir direcci\u00f3n creativa y direcci\u00f3n de arte<\/h2>\n\n\n\n<p>A veces, la direcci\u00f3n<strong>&nbsp;creativa y la direcci\u00f3n de arte<\/strong><strong>&nbsp;<\/strong>pueden confundirse porque, en determinadas situaciones&nbsp;<strong>tienen funciones similares.<\/strong><strong>&nbsp;<\/strong><\/p>\n\n\n\n<p>La direcci\u00f3n creativa se encarga de&nbsp;<strong>crear los conceptos elementales del proyecto y transmitir la visi\u00f3n<\/strong>a las distintas partes del equipo para hacer que el concepto inicial se convierta en realidad.&nbsp;La direcci\u00f3n creativa supervisa todo el proceso creativo, desde&nbsp;la generaci\u00f3n de ideas hasta la ejecuci\u00f3n del producto final para que el mensaje de la marca sea coherente en todos los canales.<\/p>\n\n\n\n<p>Por su parte, la direcci\u00f3n de arte juega con los elementos y busca&nbsp;<strong>la mejor manera de conseguir el resultado final,&nbsp;<\/strong>enfoc\u00e1ndose m\u00e1s en los aspectos visuales como la selecci\u00f3n de la paleta de colores, la tipograf\u00eda y la est\u00e9tica visual general del proyecto.<\/p>\n\n\n\n<h2 class=\"wp-block-heading\">\u00bfPor qu\u00e9 necesitas una direcci\u00f3n creativa?<\/h2>\n\n\n\n<ul class=\"wp-block-list\">\n<li>Porque una marca que no comunica no existe.&nbsp;Tu marca tiene que emocionar, conectar, inspirar y movilizar a quienes le rodean.<\/li>\n\n\n\n<li>La direcci\u00f3n creativa permite materializar las ideas.&nbsp;Es quien interpreta lo que queremos contar y ayuda a materializarlo a trav\u00e9s de conceptos, estilos, tono, im\u00e1genes, etc.<\/li>\n\n\n\n<li>Porque&nbsp;hace de int\u00e9rprete entre estrategia y creatividad, entre resultados y emociones, entre cliente y agencia.<\/li>\n\n\n\n<li>Porque gestiona todo el proceso y es el responsable de que el trabajo salga en tiempo, forma y fondo.<\/li>\n<\/ul>\n\n\n\n<p>Llegados a este punto solo nos queda decirte que en&nbsp;<a href=\"https:\/\/arrontesybarrera.com\/\"><strong>Arrontes y Barrera<\/strong><\/a>&nbsp;podemos ayudarte con la&nbsp;<strong>direcci\u00f3n creativa<\/strong>&nbsp;para conseguir conectar con tu audiencia, dar coherencia a tu comunicaci\u00f3n, crear una experiencia de marca memorable, una&nbsp;<strong>ejecuci\u00f3n publicitaria&nbsp;<\/strong>impecable y ser eficaz. Todo eso podemos hacer en tu&nbsp;<a href=\"https:\/\/arrontesybarrera.com\/creatibo\/necesitas-agencia-de-publicidad-en-asturias\/\" target=\"_blank\" rel=\"noreferrer noopener\"><strong>agencia de publicidad<\/strong><\/a><strong>&nbsp;creativa<\/strong>. Ll\u00e1manos.<\/p>\n","protected":false},"excerpt":{"rendered":"<p>\u00bfQu\u00e9 tienen en com\u00fan&nbsp;Chanel,&nbsp;Apple&nbsp;o&nbsp;Ferran Adri\u00e0? Todas son marcas que destacan gracias a una buena&nbsp;direcci\u00f3n creativa.&nbsp;Pero no son las \u00fanicas.&nbsp;Tu marca tambi\u00e9n puede tener una identidad visual y narrativa \u00fanica, coherente y efectiva que sea capaz de captar la atenci\u00f3n de tu p\u00fablico. Te lo demostramos en este post. La&nbsp;direcci\u00f3n creativa&nbsp;no solo es importante en&nbsp;publicidad y [&hellip;]<\/p>\n","protected":false},"author":17,"featured_media":14770,"comment_status":"closed","ping_status":"open","sticky":false,"template":"","format":"standard","meta":{"footnotes":""},"categories":[19],"tags":[1254,1253,174,3,1252,1251],"class_list":["post-14765","post","type-post","status-publish","format-standard","has-post-thumbnail","hentry","category-creatividad","tag-direccion-creativa","tag-direccion-de-arte","tag-estrategia-creativa","tag-publicidad-2","tag-que-es-direccion-creativa","tag-por-que-necesitas-direccion-creativa"],"yoast_head":"<!-- This site is optimized with the Yoast SEO plugin v26.4 - https:\/\/yoast.com\/wordpress\/plugins\/seo\/ -->\n<title>Direcci\u00f3n creativa: m\u00e1s all\u00e1 de las ideas - Creatibo<\/title>\n<meta name=\"description\" content=\"\u00bfQu\u00e9 tienen en com\u00fan\u00a0Chanel y\u00a0Apple? Todas son marcas que destacan gracias a una buena\u00a0direcci\u00f3n creativa.\u00a0Te lo demostramos en este post.\" \/>\n<meta name=\"robots\" content=\"index, follow, max-snippet:-1, max-image-preview:large, max-video-preview:-1\" \/>\n<link rel=\"canonical\" href=\"https:\/\/arrontesybarrera.com\/creatibo\/direccion-creativa-mas-alla-de-las-ideas\/\" \/>\n<meta property=\"og:locale\" content=\"es_ES\" \/>\n<meta property=\"og:type\" content=\"article\" \/>\n<meta property=\"og:title\" content=\"Direcci\u00f3n creativa: m\u00e1s all\u00e1 de las ideas - Creatibo\" \/>\n<meta property=\"og:description\" content=\"\u00bfQu\u00e9 tienen en com\u00fan\u00a0Chanel y\u00a0Apple? Todas son marcas que destacan gracias a una buena\u00a0direcci\u00f3n creativa.\u00a0Te lo demostramos en este post.\" \/>\n<meta property=\"og:url\" content=\"https:\/\/arrontesybarrera.com\/creatibo\/direccion-creativa-mas-alla-de-las-ideas\/\" \/>\n<meta property=\"og:site_name\" content=\"Creatibo, el blog de Arrontes y Barrera. Creatividad en un mundo muy digital.\" \/>\n<meta property=\"article:published_time\" content=\"2023-05-03T11:46:19+00:00\" \/>\n<meta property=\"article:modified_time\" content=\"2023-05-03T14:01:17+00:00\" \/>\n<meta property=\"og:image\" content=\"http:\/\/arrontesybarrera.com\/creatibo\/wp-content\/uploads\/2023\/05\/creatibo-Channel-1500x1500-1.jpg\" \/>\n\t<meta property=\"og:image:width\" content=\"1500\" \/>\n\t<meta property=\"og:image:height\" content=\"1500\" \/>\n\t<meta property=\"og:image:type\" content=\"image\/jpeg\" \/>\n<meta name=\"author\" content=\"In\u00e9s Fern\u00e1ndez\" \/>\n<meta name=\"twitter:card\" content=\"summary_large_image\" \/>\n<meta name=\"twitter:label1\" content=\"Written by\" \/>\n\t<meta name=\"twitter:data1\" content=\"In\u00e9s Fern\u00e1ndez\" \/>\n\t<meta name=\"twitter:label2\" content=\"Est. reading time\" \/>\n\t<meta name=\"twitter:data2\" content=\"7 minutos\" \/>\n<script type=\"application\/ld+json\" class=\"yoast-schema-graph\">{\"@context\":\"https:\/\/schema.org\",\"@graph\":[{\"@type\":\"Article\",\"@id\":\"https:\/\/arrontesybarrera.com\/creatibo\/direccion-creativa-mas-alla-de-las-ideas\/#article\",\"isPartOf\":{\"@id\":\"https:\/\/arrontesybarrera.com\/creatibo\/direccion-creativa-mas-alla-de-las-ideas\/\"},\"author\":{\"name\":\"In\u00e9s Fern\u00e1ndez\",\"@id\":\"https:\/\/arrontesybarrera.com\/creatibo\/#\/schema\/person\/4fffe89b8836cfa475115a52df01b426\"},\"headline\":\"Direcci\u00f3n creativa: m\u00e1s all\u00e1 de las ideas\",\"datePublished\":\"2023-05-03T11:46:19+00:00\",\"dateModified\":\"2023-05-03T14:01:17+00:00\",\"mainEntityOfPage\":{\"@id\":\"https:\/\/arrontesybarrera.com\/creatibo\/direccion-creativa-mas-alla-de-las-ideas\/\"},\"wordCount\":1628,\"publisher\":{\"@id\":\"https:\/\/arrontesybarrera.com\/creatibo\/#organization\"},\"image\":{\"@id\":\"https:\/\/arrontesybarrera.com\/creatibo\/direccion-creativa-mas-alla-de-las-ideas\/#primaryimage\"},\"thumbnailUrl\":\"https:\/\/arrontesybarrera.com\/creatibo\/wp-content\/uploads\/2023\/05\/creatibo-Channel-1500x1500-1.jpg\",\"keywords\":[\"direcci\u00f3n creativa\",\"direcci\u00f3n de arte\",\"estrategia creativa\",\"publicidad\",\"qu\u00e9 es direcci\u00f3n creativa\",\"\u00bfpor qu\u00e9 necesitas direcci\u00f3n creativa?\"],\"articleSection\":[\"Creatividad\"],\"inLanguage\":\"es\"},{\"@type\":\"WebPage\",\"@id\":\"https:\/\/arrontesybarrera.com\/creatibo\/direccion-creativa-mas-alla-de-las-ideas\/\",\"url\":\"https:\/\/arrontesybarrera.com\/creatibo\/direccion-creativa-mas-alla-de-las-ideas\/\",\"name\":\"Direcci\u00f3n creativa: m\u00e1s all\u00e1 de las ideas - Creatibo\",\"isPartOf\":{\"@id\":\"https:\/\/arrontesybarrera.com\/creatibo\/#website\"},\"primaryImageOfPage\":{\"@id\":\"https:\/\/arrontesybarrera.com\/creatibo\/direccion-creativa-mas-alla-de-las-ideas\/#primaryimage\"},\"image\":{\"@id\":\"https:\/\/arrontesybarrera.com\/creatibo\/direccion-creativa-mas-alla-de-las-ideas\/#primaryimage\"},\"thumbnailUrl\":\"https:\/\/arrontesybarrera.com\/creatibo\/wp-content\/uploads\/2023\/05\/creatibo-Channel-1500x1500-1.jpg\",\"datePublished\":\"2023-05-03T11:46:19+00:00\",\"dateModified\":\"2023-05-03T14:01:17+00:00\",\"description\":\"\u00bfQu\u00e9 tienen en com\u00fan\u00a0Chanel y\u00a0Apple? Todas son marcas que destacan gracias a una buena\u00a0direcci\u00f3n creativa.\u00a0Te lo demostramos en este post.\",\"breadcrumb\":{\"@id\":\"https:\/\/arrontesybarrera.com\/creatibo\/direccion-creativa-mas-alla-de-las-ideas\/#breadcrumb\"},\"inLanguage\":\"es\",\"potentialAction\":[{\"@type\":\"ReadAction\",\"target\":[\"https:\/\/arrontesybarrera.com\/creatibo\/direccion-creativa-mas-alla-de-las-ideas\/\"]}]},{\"@type\":\"ImageObject\",\"inLanguage\":\"es\",\"@id\":\"https:\/\/arrontesybarrera.com\/creatibo\/direccion-creativa-mas-alla-de-las-ideas\/#primaryimage\",\"url\":\"https:\/\/arrontesybarrera.com\/creatibo\/wp-content\/uploads\/2023\/05\/creatibo-Channel-1500x1500-1.jpg\",\"contentUrl\":\"https:\/\/arrontesybarrera.com\/creatibo\/wp-content\/uploads\/2023\/05\/creatibo-Channel-1500x1500-1.jpg\",\"width\":1500,\"height\":1500,\"caption\":\"Direcci\u00f3n creativa para molar m\u00e1s\"},{\"@type\":\"BreadcrumbList\",\"@id\":\"https:\/\/arrontesybarrera.com\/creatibo\/direccion-creativa-mas-alla-de-las-ideas\/#breadcrumb\",\"itemListElement\":[{\"@type\":\"ListItem\",\"position\":1,\"name\":\"Portada\",\"item\":\"https:\/\/arrontesybarrera.com\/creatibo\/\"},{\"@type\":\"ListItem\",\"position\":2,\"name\":\"Direcci\u00f3n creativa: m\u00e1s all\u00e1 de las ideas\"}]},{\"@type\":\"WebSite\",\"@id\":\"https:\/\/arrontesybarrera.com\/creatibo\/#website\",\"url\":\"https:\/\/arrontesybarrera.com\/creatibo\/\",\"name\":\"Creatibo, el blog de Arrontes y Barrera. Creatividad en un mundo muy digital.\",\"description\":\"Creatibo es el blog de Arrontes y Barrera sobre creatividad para los profesionales del marketing en un mundo muy digital.\",\"publisher\":{\"@id\":\"https:\/\/arrontesybarrera.com\/creatibo\/#organization\"},\"potentialAction\":[{\"@type\":\"SearchAction\",\"target\":{\"@type\":\"EntryPoint\",\"urlTemplate\":\"https:\/\/arrontesybarrera.com\/creatibo\/?s={search_term_string}\"},\"query-input\":{\"@type\":\"PropertyValueSpecification\",\"valueRequired\":true,\"valueName\":\"search_term_string\"}}],\"inLanguage\":\"es\"},{\"@type\":\"Organization\",\"@id\":\"https:\/\/arrontesybarrera.com\/creatibo\/#organization\",\"name\":\"Creatibo, el blog de Arrontes y Barrera. Creatividad en un mundo muy digital.\",\"url\":\"https:\/\/arrontesybarrera.com\/creatibo\/\",\"logo\":{\"@type\":\"ImageObject\",\"inLanguage\":\"es\",\"@id\":\"https:\/\/arrontesybarrera.com\/creatibo\/#\/schema\/logo\/image\/\",\"url\":\"https:\/\/arrontesybarrera.com\/creatibo\/wp-content\/uploads\/2022\/03\/arrontes-y-barrera-logo@2x.png\",\"contentUrl\":\"https:\/\/arrontesybarrera.com\/creatibo\/wp-content\/uploads\/2022\/03\/arrontes-y-barrera-logo@2x.png\",\"width\":424,\"height\":70,\"caption\":\"Creatibo, el blog de Arrontes y Barrera. Creatividad en un mundo muy digital.\"},\"image\":{\"@id\":\"https:\/\/arrontesybarrera.com\/creatibo\/#\/schema\/logo\/image\/\"}},{\"@type\":\"Person\",\"@id\":\"https:\/\/arrontesybarrera.com\/creatibo\/#\/schema\/person\/4fffe89b8836cfa475115a52df01b426\",\"name\":\"In\u00e9s Fern\u00e1ndez\",\"image\":{\"@type\":\"ImageObject\",\"inLanguage\":\"es\",\"@id\":\"https:\/\/arrontesybarrera.com\/creatibo\/#\/schema\/person\/image\/\",\"url\":\"https:\/\/secure.gravatar.com\/avatar\/3adafd4f1df0c34d8d35187c8ad4f8e0c3c7711da64cc0b2d963b6a03973f396?s=96&d=mm&r=g\",\"contentUrl\":\"https:\/\/secure.gravatar.com\/avatar\/3adafd4f1df0c34d8d35187c8ad4f8e0c3c7711da64cc0b2d963b6a03973f396?s=96&d=mm&r=g\",\"caption\":\"In\u00e9s Fern\u00e1ndez\"},\"url\":\"https:\/\/arrontesybarrera.com\/creatibo\/author\/inesfernandezarrontesybarrera-com\/\"}]}<\/script>\n<!-- \/ Yoast SEO plugin. -->","yoast_head_json":{"title":"Direcci\u00f3n creativa: m\u00e1s all\u00e1 de las ideas - Creatibo","description":"\u00bfQu\u00e9 tienen en com\u00fan\u00a0Chanel y\u00a0Apple? Todas son marcas que destacan gracias a una buena\u00a0direcci\u00f3n creativa.\u00a0Te lo demostramos en este post.","robots":{"index":"index","follow":"follow","max-snippet":"max-snippet:-1","max-image-preview":"max-image-preview:large","max-video-preview":"max-video-preview:-1"},"canonical":"https:\/\/arrontesybarrera.com\/creatibo\/direccion-creativa-mas-alla-de-las-ideas\/","og_locale":"es_ES","og_type":"article","og_title":"Direcci\u00f3n creativa: m\u00e1s all\u00e1 de las ideas - Creatibo","og_description":"\u00bfQu\u00e9 tienen en com\u00fan\u00a0Chanel y\u00a0Apple? Todas son marcas que destacan gracias a una buena\u00a0direcci\u00f3n creativa.\u00a0Te lo demostramos en este post.","og_url":"https:\/\/arrontesybarrera.com\/creatibo\/direccion-creativa-mas-alla-de-las-ideas\/","og_site_name":"Creatibo, el blog de Arrontes y Barrera. Creatividad en un mundo muy digital.","article_published_time":"2023-05-03T11:46:19+00:00","article_modified_time":"2023-05-03T14:01:17+00:00","og_image":[{"width":1500,"height":1500,"url":"http:\/\/arrontesybarrera.com\/creatibo\/wp-content\/uploads\/2023\/05\/creatibo-Channel-1500x1500-1.jpg","type":"image\/jpeg"}],"author":"In\u00e9s Fern\u00e1ndez","twitter_card":"summary_large_image","twitter_misc":{"Written by":"In\u00e9s Fern\u00e1ndez","Est. reading time":"7 minutos"},"schema":{"@context":"https:\/\/schema.org","@graph":[{"@type":"Article","@id":"https:\/\/arrontesybarrera.com\/creatibo\/direccion-creativa-mas-alla-de-las-ideas\/#article","isPartOf":{"@id":"https:\/\/arrontesybarrera.com\/creatibo\/direccion-creativa-mas-alla-de-las-ideas\/"},"author":{"name":"In\u00e9s Fern\u00e1ndez","@id":"https:\/\/arrontesybarrera.com\/creatibo\/#\/schema\/person\/4fffe89b8836cfa475115a52df01b426"},"headline":"Direcci\u00f3n creativa: m\u00e1s all\u00e1 de las ideas","datePublished":"2023-05-03T11:46:19+00:00","dateModified":"2023-05-03T14:01:17+00:00","mainEntityOfPage":{"@id":"https:\/\/arrontesybarrera.com\/creatibo\/direccion-creativa-mas-alla-de-las-ideas\/"},"wordCount":1628,"publisher":{"@id":"https:\/\/arrontesybarrera.com\/creatibo\/#organization"},"image":{"@id":"https:\/\/arrontesybarrera.com\/creatibo\/direccion-creativa-mas-alla-de-las-ideas\/#primaryimage"},"thumbnailUrl":"https:\/\/arrontesybarrera.com\/creatibo\/wp-content\/uploads\/2023\/05\/creatibo-Channel-1500x1500-1.jpg","keywords":["direcci\u00f3n creativa","direcci\u00f3n de arte","estrategia creativa","publicidad","qu\u00e9 es direcci\u00f3n creativa","\u00bfpor qu\u00e9 necesitas direcci\u00f3n creativa?"],"articleSection":["Creatividad"],"inLanguage":"es"},{"@type":"WebPage","@id":"https:\/\/arrontesybarrera.com\/creatibo\/direccion-creativa-mas-alla-de-las-ideas\/","url":"https:\/\/arrontesybarrera.com\/creatibo\/direccion-creativa-mas-alla-de-las-ideas\/","name":"Direcci\u00f3n creativa: m\u00e1s all\u00e1 de las ideas - Creatibo","isPartOf":{"@id":"https:\/\/arrontesybarrera.com\/creatibo\/#website"},"primaryImageOfPage":{"@id":"https:\/\/arrontesybarrera.com\/creatibo\/direccion-creativa-mas-alla-de-las-ideas\/#primaryimage"},"image":{"@id":"https:\/\/arrontesybarrera.com\/creatibo\/direccion-creativa-mas-alla-de-las-ideas\/#primaryimage"},"thumbnailUrl":"https:\/\/arrontesybarrera.com\/creatibo\/wp-content\/uploads\/2023\/05\/creatibo-Channel-1500x1500-1.jpg","datePublished":"2023-05-03T11:46:19+00:00","dateModified":"2023-05-03T14:01:17+00:00","description":"\u00bfQu\u00e9 tienen en com\u00fan\u00a0Chanel y\u00a0Apple? Todas son marcas que destacan gracias a una buena\u00a0direcci\u00f3n creativa.\u00a0Te lo demostramos en este post.","breadcrumb":{"@id":"https:\/\/arrontesybarrera.com\/creatibo\/direccion-creativa-mas-alla-de-las-ideas\/#breadcrumb"},"inLanguage":"es","potentialAction":[{"@type":"ReadAction","target":["https:\/\/arrontesybarrera.com\/creatibo\/direccion-creativa-mas-alla-de-las-ideas\/"]}]},{"@type":"ImageObject","inLanguage":"es","@id":"https:\/\/arrontesybarrera.com\/creatibo\/direccion-creativa-mas-alla-de-las-ideas\/#primaryimage","url":"https:\/\/arrontesybarrera.com\/creatibo\/wp-content\/uploads\/2023\/05\/creatibo-Channel-1500x1500-1.jpg","contentUrl":"https:\/\/arrontesybarrera.com\/creatibo\/wp-content\/uploads\/2023\/05\/creatibo-Channel-1500x1500-1.jpg","width":1500,"height":1500,"caption":"Direcci\u00f3n creativa para molar m\u00e1s"},{"@type":"BreadcrumbList","@id":"https:\/\/arrontesybarrera.com\/creatibo\/direccion-creativa-mas-alla-de-las-ideas\/#breadcrumb","itemListElement":[{"@type":"ListItem","position":1,"name":"Portada","item":"https:\/\/arrontesybarrera.com\/creatibo\/"},{"@type":"ListItem","position":2,"name":"Direcci\u00f3n creativa: m\u00e1s all\u00e1 de las ideas"}]},{"@type":"WebSite","@id":"https:\/\/arrontesybarrera.com\/creatibo\/#website","url":"https:\/\/arrontesybarrera.com\/creatibo\/","name":"Creatibo, el blog de Arrontes y Barrera. Creatividad en un mundo muy digital.","description":"Creatibo es el blog de Arrontes y Barrera sobre creatividad para los profesionales del marketing en un mundo muy digital.","publisher":{"@id":"https:\/\/arrontesybarrera.com\/creatibo\/#organization"},"potentialAction":[{"@type":"SearchAction","target":{"@type":"EntryPoint","urlTemplate":"https:\/\/arrontesybarrera.com\/creatibo\/?s={search_term_string}"},"query-input":{"@type":"PropertyValueSpecification","valueRequired":true,"valueName":"search_term_string"}}],"inLanguage":"es"},{"@type":"Organization","@id":"https:\/\/arrontesybarrera.com\/creatibo\/#organization","name":"Creatibo, el blog de Arrontes y Barrera. Creatividad en un mundo muy digital.","url":"https:\/\/arrontesybarrera.com\/creatibo\/","logo":{"@type":"ImageObject","inLanguage":"es","@id":"https:\/\/arrontesybarrera.com\/creatibo\/#\/schema\/logo\/image\/","url":"https:\/\/arrontesybarrera.com\/creatibo\/wp-content\/uploads\/2022\/03\/arrontes-y-barrera-logo@2x.png","contentUrl":"https:\/\/arrontesybarrera.com\/creatibo\/wp-content\/uploads\/2022\/03\/arrontes-y-barrera-logo@2x.png","width":424,"height":70,"caption":"Creatibo, el blog de Arrontes y Barrera. Creatividad en un mundo muy digital."},"image":{"@id":"https:\/\/arrontesybarrera.com\/creatibo\/#\/schema\/logo\/image\/"}},{"@type":"Person","@id":"https:\/\/arrontesybarrera.com\/creatibo\/#\/schema\/person\/4fffe89b8836cfa475115a52df01b426","name":"In\u00e9s Fern\u00e1ndez","image":{"@type":"ImageObject","inLanguage":"es","@id":"https:\/\/arrontesybarrera.com\/creatibo\/#\/schema\/person\/image\/","url":"https:\/\/secure.gravatar.com\/avatar\/3adafd4f1df0c34d8d35187c8ad4f8e0c3c7711da64cc0b2d963b6a03973f396?s=96&d=mm&r=g","contentUrl":"https:\/\/secure.gravatar.com\/avatar\/3adafd4f1df0c34d8d35187c8ad4f8e0c3c7711da64cc0b2d963b6a03973f396?s=96&d=mm&r=g","caption":"In\u00e9s Fern\u00e1ndez"},"url":"https:\/\/arrontesybarrera.com\/creatibo\/author\/inesfernandezarrontesybarrera-com\/"}]}},"jetpack_featured_media_url":"https:\/\/arrontesybarrera.com\/creatibo\/wp-content\/uploads\/2023\/05\/creatibo-Channel-1500x1500-1.jpg","featured_image_src":"https:\/\/arrontesybarrera.com\/creatibo\/wp-content\/uploads\/2023\/05\/creatibo-Channel-1500x1500-1-150x150.jpg","_links":{"self":[{"href":"https:\/\/arrontesybarrera.com\/creatibo\/wp-json\/wp\/v2\/posts\/14765","targetHints":{"allow":["GET"]}}],"collection":[{"href":"https:\/\/arrontesybarrera.com\/creatibo\/wp-json\/wp\/v2\/posts"}],"about":[{"href":"https:\/\/arrontesybarrera.com\/creatibo\/wp-json\/wp\/v2\/types\/post"}],"author":[{"embeddable":true,"href":"https:\/\/arrontesybarrera.com\/creatibo\/wp-json\/wp\/v2\/users\/17"}],"replies":[{"embeddable":true,"href":"https:\/\/arrontesybarrera.com\/creatibo\/wp-json\/wp\/v2\/comments?post=14765"}],"version-history":[{"count":12,"href":"https:\/\/arrontesybarrera.com\/creatibo\/wp-json\/wp\/v2\/posts\/14765\/revisions"}],"predecessor-version":[{"id":14784,"href":"https:\/\/arrontesybarrera.com\/creatibo\/wp-json\/wp\/v2\/posts\/14765\/revisions\/14784"}],"wp:featuredmedia":[{"embeddable":true,"href":"https:\/\/arrontesybarrera.com\/creatibo\/wp-json\/wp\/v2\/media\/14770"}],"wp:attachment":[{"href":"https:\/\/arrontesybarrera.com\/creatibo\/wp-json\/wp\/v2\/media?parent=14765"}],"wp:term":[{"taxonomy":"category","embeddable":true,"href":"https:\/\/arrontesybarrera.com\/creatibo\/wp-json\/wp\/v2\/categories?post=14765"},{"taxonomy":"post_tag","embeddable":true,"href":"https:\/\/arrontesybarrera.com\/creatibo\/wp-json\/wp\/v2\/tags?post=14765"}],"curies":[{"name":"wp","href":"https:\/\/api.w.org\/{rel}","templated":true}]}}